{"id":504,"date":"2014-11-25T09:32:17","date_gmt":"2014-11-25T08:32:17","guid":{"rendered":"http:\/\/wordpress2.sao-filipe.com\/?p=504"},"modified":"2014-11-25T09:32:17","modified_gmt":"2014-11-25T08:32:17","slug":"behorden-geben-den-verwaltungssitz-des-naturparks-auf","status":"publish","type":"post","link":"https:\/\/wordpress2.sao-filipe.com\/?p=504","title":{"rendered":"Beh\u00f6rden geben den Verwaltungssitz des Naturparks auf"},"content":{"rendered":"<p><a href=\"https:\/\/wordpress2.sao-filipe.com\/wp-content\/uploads\/2014\/11\/erupcao800_420_315.jpg\"><img loading=\"lazy\" decoding=\"async\" class=\"alignleft  wp-image-505\" title=\"erupcao800_420_315\" src=\"https:\/\/wordpress2.sao-filipe.com\/wp-content\/uploads\/2014\/11\/erupcao800_420_315.jpg\" alt=\"\" width=\"378\" height=\"284\" srcset=\"https:\/\/wordpress2.sao-filipe.com\/wp-content\/uploads\/2014\/11\/erupcao800_420_315.jpg 420w, https:\/\/wordpress2.sao-filipe.com\/wp-content\/uploads\/2014\/11\/erupcao800_420_315-300x225.jpg 300w\" sizes=\"auto, (max-width: 378px) 100vw, 378px\" \/><\/a>S\u00e3o Filipe, 25.11.2014 (Inforpress) &#8211; Die Situation in der Cha das Caldeiras hat sich in den letzten Stunden mit der \u00d6ffnung eines neuen Lavaaustrittslochs weiter verschlechtert und die Beh\u00f6rden haben den Verwaltungssitz des Naturparks aufgegeben [&#8230;]<\/p>\n<p>Die materiellen Verluste sind &#8222;riesig&#8220;, erkl\u00e4rte Luis Pires, B\u00fcrgermeister von S\u00e3o Filipe und Pr\u00e4sident der Vereinigung der Gemeinden Fogos. Der B\u00fcrgermeister weist dabei nicht nur auf den Verwaltungssitz hin, sondern auch auf den zur\u00fcckgelassenen Besitz der Evakuierten, die Vernichtung gro\u00dfer landwirtschaftlicher Fl\u00e4chen und die Weinkooperative, in der sich derzeit \u00fcber 100.000 Liter Wein befinden.<\/p>\n<p>&#8222;Es gibt Sch\u00e4den an landwirtschaftlichen Fl\u00e4chen und Hinweise auf den Verlust von Wohnh\u00e4usern. Und nat\u00fcrlich sind wir noch am Beginn des Ausbruchs und niemand wei\u00df, wie er sich noch entwickeln wird. Die regionalen und nationalen Beh\u00f6rden werden den Schaden aufnehmen und dann zum richtigen Zeitpunkt um internationale Unterst\u00fctzung bitten&#8220;, f\u00fcgte der B\u00fcrgermeister von S\u00e3o Filipe hinzu.<\/p>\n<p>Der nationale Direktor der Katastrophenschutzma\u00dfnahmen, Nuno Oliveira, best\u00e4tigte, dass ein Lavastrom den Verwaltungssitz am Eingang von Portela bereits erreicht hat, w\u00e4hrend ein zweiter sich in der N\u00e4he in Richtung der Ortschaft bewegt. &#8222;Das Geb\u00e4ude ist noch nicht v\u00f6llig zerst\u00f6rt, aber ich glaube, bis zum Morgengrauen wird sich die Situation noch verschlimmern&#8220;. Die Lavafront bewegt sich sehr schnell und wenn sich dies so fortsetzt wird sie in wenigen Tagen den Ortskern erreichen.<\/p>\n<p>Kurz zuvor hatte der Koordinator des Naturparks, Alexandre Rodrigues, gegen\u00fcber Inforpress gesagt, auch wenn das Geb\u00e4ude nicht vollst\u00e4ndig von der Lava zerst\u00f6rt ist, so sei der Verwaltungssitz nicht mehr nutzbar, da er von Bewohnern der Ch\u00e3 das Caldeiras vandalisiert wurde.<\/p>\n<p>W\u00e4hrend das Team des Parks, so Alexandre Rodrigues, versucht hat, Einrichtungs-gegenst\u00e4nde zu retten, h\u00e4tten andere Personen Scheiben eingeschlagen und Fenster, T\u00fcren, Klosch\u00fcsseln, Lampen und Kabel entwendet und das Geb\u00e4ude vollst\u00e4ndig ruiniert.<\/p>\n<p>Laut Alexandre Rodrigues wurde das Geb\u00e4ude, das erst vor weniger als einem Jahr eingeweiht wurde, von Menschen zerst\u00f6rt, bevor es von der Lava getroffen wurde.<\/p>\n<p>In der N\u00e4he des Geb\u00e4udes vernichtete die Lava zwei als &#8222;funcho&#8220; bekannte Rundh\u00e4user und flie\u00dft nun in Richtung Portela weiter, wo die Zerst\u00f6rung weiterer H\u00e4user kurz bevor steht[&#8230;]<\/p>\n<p>Der Verwaltungssitz des Naturparks von Fogo wurde mit deutschen Mitteln finanziert (Geb\u00e4ude und Einrichtung). Es wurde im Juli 2013 fertiggestellt und im M\u00e4rz diesen Jahres eingeweiht.<\/p>\n<p>Beim Bau dieses Geb\u00e4udes, das \u00fcber 120 Millionen Escudos [1,1 Mio. Euro] gekostet hat, wurden viele Aspekte, wie Umweltvertr\u00e4glichkeit, Anpassung an die Landschaft, Wassergewinnung durch Regenf\u00e4lle, Wiederverwendung von Abwasser, thermische Stabilit\u00e4t etc. ber\u00fccksichtigt.<\/p>\n<p>Die Beh\u00f6rden bekr\u00e4ftigen noch einmal den Appell an die Bev\u00f6lkerung, ihren Sicherheitsanweisungen zu folgen.<\/p>\n<p>Bitte auch die Kommentare beachten<\/p>\n<p><a href=\"https:\/\/www.inforpress.publ.cv\/ambiente-mlt\/106220-erupcao-vulcanica-autoridades-dao-por-perdida-a-sede-do-parque-natural\" target=\"_blank\">Hier der Originalbeitrag<\/a><\/p>\n<p><a href=\"http:\/\/videos.sapo.cv\/aFukpnCK72zMLeJbIF7m\" target=\"_blank\">Hier aktuelle Aufnahmen<\/a><\/p>\n","protected":false},"excerpt":{"rendered":"<p>S\u00e3o Filipe, 25.11.2014 (Inforpress) &#8211; Die Situation in der Cha das Caldeiras hat sich in den letzten Stunden mit der \u00d6ffnung eines neuen Lavaaustrittslochs weiter verschlechtert und die Beh\u00f6rden haben den Verwaltungssitz des Naturparks aufgegeben [&#8230;] Die materiellen Verluste sind &hellip; <a href=\"https:\/\/wordpress2.sao-filipe.com\/?p=504\">Weiterlesen <span class=\"meta-nav\">&rarr;<\/span><\/a><\/p>\n","protected":false},"author":1,"featured_media":0,"comment_status":"open","ping_status":"closed","sticky":false,"template":"","format":"standard","meta":{"footnotes":""},"categories":[1],"tags":[],"class_list":["post-504","post","type-post","status-publish","format-standard","hentry","category-allgemein"],"_links":{"self":[{"href":"https:\/\/wordpress2.sao-filipe.com\/index.php?rest_route=\/wp\/v2\/posts\/504","targetHints":{"allow":["GET"]}}],"collection":[{"href":"https:\/\/wordpress2.sao-filipe.com\/index.php?rest_route=\/wp\/v2\/posts"}],"about":[{"href":"https:\/\/wordpress2.sao-filipe.com\/index.php?rest_route=\/wp\/v2\/types\/post"}],"author":[{"embeddable":true,"href":"https:\/\/wordpress2.sao-filipe.com\/index.php?rest_route=\/wp\/v2\/users\/1"}],"replies":[{"embeddable":true,"href":"https:\/\/wordpress2.sao-filipe.com\/index.php?rest_route=%2Fwp%2Fv2%2Fcomments&post=504"}],"version-history":[{"count":1,"href":"https:\/\/wordpress2.sao-filipe.com\/index.php?rest_route=\/wp\/v2\/posts\/504\/revisions"}],"predecessor-version":[{"id":506,"href":"https:\/\/wordpress2.sao-filipe.com\/index.php?rest_route=\/wp\/v2\/posts\/504\/revisions\/506"}],"wp:attachment":[{"href":"https:\/\/wordpress2.sao-filipe.com\/index.php?rest_route=%2Fwp%2Fv2%2Fmedia&parent=504"}],"wp:term":[{"taxonomy":"category","embeddable":true,"href":"https:\/\/wordpress2.sao-filipe.com\/index.php?rest_route=%2Fwp%2Fv2%2Fcategories&post=504"},{"taxonomy":"post_tag","embeddable":true,"href":"https:\/\/wordpress2.sao-filipe.com\/index.php?rest_route=%2Fwp%2Fv2%2Ftags&post=504"}],"curies":[{"name":"wp","href":"https:\/\/api.w.org\/{rel}","templated":true}]}}