{"id":498,"date":"2014-11-24T13:46:53","date_gmt":"2014-11-24T12:46:53","guid":{"rendered":"http:\/\/wordpress2.sao-filipe.com\/?p=498"},"modified":"2014-11-24T21:54:54","modified_gmt":"2014-11-24T20:54:54","slug":"vulkanausbruch-auf-fogo-cha-das-caldeiras-isoliert-kommunikation-unterbrochen","status":"publish","type":"post","link":"https:\/\/wordpress2.sao-filipe.com\/?p=498","title":{"rendered":"Vulkanausbruch auf Fogo: Ch\u00e3 das Caldeiras isoliert, Kommunikation unterbrochen"},"content":{"rendered":"<p><a href=\"https:\/\/wordpress2.sao-filipe.com\/wp-content\/uploads\/2014\/11\/fogo.jpg\"><img loading=\"lazy\" decoding=\"async\" class=\"alignleft  wp-image-499\" title=\"fogo\" src=\"https:\/\/wordpress2.sao-filipe.com\/wp-content\/uploads\/2014\/11\/fogo.jpg\" alt=\"\" width=\"434\" height=\"299\" srcset=\"https:\/\/wordpress2.sao-filipe.com\/wp-content\/uploads\/2014\/11\/fogo.jpg 678w, https:\/\/wordpress2.sao-filipe.com\/wp-content\/uploads\/2014\/11\/fogo-300x206.jpg 300w\" sizes=\"auto, (max-width: 434px) 100vw, 434px\" \/><\/a>Sao Filipe, 24. 11. 2014 (Asemana) &#8211; Der Krater Ch\u00e3 das Caldeiras ist isoliert. Die Hauptstra\u00dfe ist durch die Lavastr\u00f6me unterbrochen , die auch alle drei Sendeanlagen der CV Telecom zerst\u00f6rt und so die Kommunikation mit dem Rest des Landes unterbrochen haben.<\/p>\n<p>Die Lavastr\u00f6me flie\u00dfen mit hoher Geschwindigkeit und haben die Hauptstra\u00dfe die den Krater mit dem Rest der Insel verbindet, bereits erreicht. Etwas sp\u00e4ter wurde auch die alternative Route unter einer dicken Lavaschicht begraben. Zuvor war schon die Kommunikation unterbrochen worden, da etwa 200 Meter Glasfaserkabel verbrannt waren. Lediglich der Anbieter Unitel T+ unterh\u00e4lt weiterhin eine eingeschr\u00e4nkte Verbindung zwischen der Ch\u00e3 das Caldeiras und dem Rest des Landes.<\/p>\n<p>Die Lava ist nur noch ein paar Meter von der einzigen Alternativverbindung der Ch\u00e3 das Caldeiras mit dem Rest der Insel entfernt. Wenn sie im gleichen Tempo weiterflie\u00dft, ist der Krater in wenigen Stunden vollst\u00e4ndig isoliert.<\/p>\n<p>Der Winzer David Gomes, genannt Neves, berichtet, dass im Eingangsbereich des Kraters bei Cova Tina starker Ascheregen f\u00e4llt. &#8222;Ich versuche zu retten, was m\u00f6glich ist, der Rest liegt in Gottes Hand&#8220;, und f\u00fcgte hinzu, dass die Lavamassen in Richtung seiner Obstplantage und Weinanbaufelder fl\u00f6ssen und er nicht wisse, ob sie bereits dort angekommen seien.\u00a0Mit der Lava weniger als zwei Kilometer von seinem Haus und Hof entfernt \u00fcberlegt Gomes noch, ob er den Ort verlassen soll. So wie dieser Winzer \u00e4u\u00dferten sich viele Bewohner der Ch\u00e3 das Caldeiras resgniert \u00fcber diesen neuerlichen Ausbruch des Vulkans 19 Jahre nach der Eruption im April 1995.<\/p>\n<p>Zum Gl\u00fcck wurden Kinder und Alte noch gestern vor Einbruch der Nacht evakuiert, viele von ihnen unter Schock, so der Leiter des Gesundheitsamtes Ledo Pontes. Trotz entsprechender Aufforderungen der Beh\u00f6rden weigern sich jedoch viele j\u00fcngere Bewohner, ihre H\u00e4user und ihr Eigentum zu verlassen.<\/p>\n<p><span style=\"line-height: 24px;\">Bitte auch die Kommentare beachten!<\/span><\/p>\n<p><a href=\"http:\/\/www.asemana.publ.cv\/spip.php?article105065&amp;ak=1\" target=\"_blank\">Hier der Originalbeitrag<\/a><\/p>\n<p><a href=\"http:\/\/videos.sapo.cv\/aFukpnCK72zMLeJbIF7m\" target=\"_blank\">Hier aktuelle Aufnahmen<\/a><\/p>\n","protected":false},"excerpt":{"rendered":"<p>Sao Filipe, 24. 11. 2014 (Asemana) &#8211; Der Krater Ch\u00e3 das Caldeiras ist isoliert. Die Hauptstra\u00dfe ist durch die Lavastr\u00f6me unterbrochen , die auch alle drei Sendeanlagen der CV Telecom zerst\u00f6rt und so die Kommunikation mit dem Rest des Landes &hellip; <a href=\"https:\/\/wordpress2.sao-filipe.com\/?p=498\">Weiterlesen <span class=\"meta-nav\">&rarr;<\/span><\/a><\/p>\n","protected":false},"author":1,"featured_media":0,"comment_status":"open","ping_status":"closed","sticky":false,"template":"","format":"standard","meta":{"footnotes":""},"categories":[1],"tags":[],"class_list":["post-498","post","type-post","status-publish","format-standard","hentry","category-allgemein"],"_links":{"self":[{"href":"https:\/\/wordpress2.sao-filipe.com\/index.php?rest_route=\/wp\/v2\/posts\/498","targetHints":{"allow":["GET"]}}],"collection":[{"href":"https:\/\/wordpress2.sao-filipe.com\/index.php?rest_route=\/wp\/v2\/posts"}],"about":[{"href":"https:\/\/wordpress2.sao-filipe.com\/index.php?rest_route=\/wp\/v2\/types\/post"}],"author":[{"embeddable":true,"href":"https:\/\/wordpress2.sao-filipe.com\/index.php?rest_route=\/wp\/v2\/users\/1"}],"replies":[{"embeddable":true,"href":"https:\/\/wordpress2.sao-filipe.com\/index.php?rest_route=%2Fwp%2Fv2%2Fcomments&post=498"}],"version-history":[{"count":4,"href":"https:\/\/wordpress2.sao-filipe.com\/index.php?rest_route=\/wp\/v2\/posts\/498\/revisions"}],"predecessor-version":[{"id":501,"href":"https:\/\/wordpress2.sao-filipe.com\/index.php?rest_route=\/wp\/v2\/posts\/498\/revisions\/501"}],"wp:attachment":[{"href":"https:\/\/wordpress2.sao-filipe.com\/index.php?rest_route=%2Fwp%2Fv2%2Fmedia&parent=498"}],"wp:term":[{"taxonomy":"category","embeddable":true,"href":"https:\/\/wordpress2.sao-filipe.com\/index.php?rest_route=%2Fwp%2Fv2%2Fcategories&post=498"},{"taxonomy":"post_tag","embeddable":true,"href":"https:\/\/wordpress2.sao-filipe.com\/index.php?rest_route=%2Fwp%2Fv2%2Ftags&post=498"}],"curies":[{"name":"wp","href":"https:\/\/api.w.org\/{rel}","templated":true}]}}