{"id":492,"date":"2014-11-03T10:01:25","date_gmt":"2014-11-03T09:01:25","guid":{"rendered":"http:\/\/wordpress2.sao-filipe.com\/?p=492"},"modified":"2014-11-03T10:01:25","modified_gmt":"2014-11-03T09:01:25","slug":"sete-sois-sete-luas-auf-dem-presidio-in-sao-filipe","status":"publish","type":"post","link":"https:\/\/wordpress2.sao-filipe.com\/?p=492","title":{"rendered":"&#8222;Sete Sois Sete Luas&#8220; auf dem Presidio in S\u00e3o Filipe"},"content":{"rendered":"<p><img loading=\"lazy\" decoding=\"async\" class=\"alignleft\" src=\"https:\/\/www.inforpress.publ.cv\/images\/resized\/images\/joomgallery\/details\/fogo_18\/cidade%20so%20filipe%20fogo_420_260.jpg\" alt=\"\" width=\"420\" height=\"260\" \/>Auf dem Presidio, der Hauptb\u00fchne f\u00fcr kulturelle Aktivit\u00e4ten der Stadt, treten heute Abend die franz\u00f6siche Gruppe &#8222;Les Boukakes&#8220; und das &#8222;7Luas Cordas Orkestra&#8220; in der 22. Ausgabe des Festvals &#8222;Sete Sois Sete Luas&#8220; auf [7 Sonnen, 7 Monde]. Die K\u00fcnstler aus Kap Verde, Italien, Portugal und Marokko, die die Band &#8222;Les Boukakes&#8220; bilden und an diesem zweit\u00e4gigen Festival in der Stadt S\u00e3o Filipe teilnehmen, sind bereits auf der Insel. Alles ist bereit f\u00fcr das Festival,der Eintritt ist frei, die Vorbereitungen laufen normal[&#8230;].<\/p>\n<p>Nach dieser Gruppe betritt das &#8222;7Luas Cordas Orkestra&#8220; die B\u00fchne, die sich zusammensetzt aus dem Portugiesen Lu\u00eds Peixoto (Mandoline und Ukulele), Andre Sousa Machado (Perkussion), den Italienern Mimmo Epifani (Mandoline) und Andrea Lupi (Bass), sowie der marokkanischen S\u00e4ngerin Sakina Al Azami und den Kapverdern Dany Fonseca aus Tarrafal\/Santiago (Gesang) und Hernani Almeida, St. Vincente (Gitarre). Diese Band wird auch den &#8222;Chor der wei\u00dfen Stimmen&#8220; begleiten, der von Bewohnern der Stadt S\u00e3o Filipe gebildet wird, und lokale K\u00fcnstler im Rahmen des Festivals repr\u00e4sentiert [&#8230;].<\/p>\n<p>In der zweiten und letzten Nacht des Festival in der Stadt S\u00e3o Filipe treten die beiden Spanier Ana Gonz\u00e1lez (T\u00e4nzerin) und Joaquin Linera (Gitarre) auf, gefolgt vom &#8222;Mazag\u00e3o 7Luas Orkestra&#8220; mit Musikern aus Brasilien, Kapverde, Ceuta (Spanien), Italien, Marokko und Portugal. Die 22. Ausgabe von &#8222;Sete Sois Sete Luas&#8220; ist der mediterranen Musik und der der portugiesischsprachigen Welt gewidmet.<\/p>\n<p><a href=\"https:\/\/www.inforpress.publ.cv\/cultura-mlt\/105158-sao-filipe-actuacao-de-les-boukakes-e-7luas-cordas-orkestra-na-primeira-noite-da-xxii-edicao-de-fsssl\" target=\"_blank\">Hier der Originalbeitrag<\/a><\/p>\n","protected":false},"excerpt":{"rendered":"<p>Auf dem Presidio, der Hauptb\u00fchne f\u00fcr kulturelle Aktivit\u00e4ten der Stadt, treten heute Abend die franz\u00f6siche Gruppe &#8222;Les Boukakes&#8220; und das &#8222;7Luas Cordas Orkestra&#8220; in der 22. Ausgabe des Festvals &#8222;Sete Sois Sete Luas&#8220; auf [7 Sonnen, 7 Monde]. Die K\u00fcnstler &hellip; <a href=\"https:\/\/wordpress2.sao-filipe.com\/?p=492\">Weiterlesen <span class=\"meta-nav\">&rarr;<\/span><\/a><\/p>\n","protected":false},"author":1,"featured_media":0,"comment_status":"open","ping_status":"closed","sticky":false,"template":"","format":"standard","meta":{"footnotes":""},"categories":[1],"tags":[],"class_list":["post-492","post","type-post","status-publish","format-standard","hentry","category-allgemein"],"_links":{"self":[{"href":"https:\/\/wordpress2.sao-filipe.com\/index.php?rest_route=\/wp\/v2\/posts\/492","targetHints":{"allow":["GET"]}}],"collection":[{"href":"https:\/\/wordpress2.sao-filipe.com\/index.php?rest_route=\/wp\/v2\/posts"}],"about":[{"href":"https:\/\/wordpress2.sao-filipe.com\/index.php?rest_route=\/wp\/v2\/types\/post"}],"author":[{"embeddable":true,"href":"https:\/\/wordpress2.sao-filipe.com\/index.php?rest_route=\/wp\/v2\/users\/1"}],"replies":[{"embeddable":true,"href":"https:\/\/wordpress2.sao-filipe.com\/index.php?rest_route=%2Fwp%2Fv2%2Fcomments&post=492"}],"version-history":[{"count":1,"href":"https:\/\/wordpress2.sao-filipe.com\/index.php?rest_route=\/wp\/v2\/posts\/492\/revisions"}],"predecessor-version":[{"id":493,"href":"https:\/\/wordpress2.sao-filipe.com\/index.php?rest_route=\/wp\/v2\/posts\/492\/revisions\/493"}],"wp:attachment":[{"href":"https:\/\/wordpress2.sao-filipe.com\/index.php?rest_route=%2Fwp%2Fv2%2Fmedia&parent=492"}],"wp:term":[{"taxonomy":"category","embeddable":true,"href":"https:\/\/wordpress2.sao-filipe.com\/index.php?rest_route=%2Fwp%2Fv2%2Fcategories&post=492"},{"taxonomy":"post_tag","embeddable":true,"href":"https:\/\/wordpress2.sao-filipe.com\/index.php?rest_route=%2Fwp%2Fv2%2Ftags&post=492"}],"curies":[{"name":"wp","href":"https:\/\/api.w.org\/{rel}","templated":true}]}}