{"id":344,"date":"2013-05-02T16:27:41","date_gmt":"2013-05-02T15:27:41","guid":{"rendered":"http:\/\/wordpress2.sao-filipe.com\/?p=344"},"modified":"2013-05-02T16:31:10","modified_gmt":"2013-05-02T15:31:10","slug":"das-presidio-brechend-voll-beim-auftritt-von-paula-fernandes","status":"publish","type":"post","link":"https:\/\/wordpress2.sao-filipe.com\/?p=344","title":{"rendered":"Das Presidio brechend voll beim Auftritt von Paula Fernandes"},"content":{"rendered":"<p style=\"text-align: justify;\"><a href=\"https:\/\/wordpress2.sao-filipe.com\/wp-content\/uploads\/2013\/05\/arton87553.jpg\"><img loading=\"lazy\" decoding=\"async\" class=\"alignleft size-full wp-image-345\" title=\"arton87553\" src=\"https:\/\/wordpress2.sao-filipe.com\/wp-content\/uploads\/2013\/05\/arton87553.jpg\" alt=\"\" width=\"178\" height=\"135\" \/><\/a>S\u00e3o Filipe, 1.5.2013 (A Semana) &#8211; Das Presidio platzte am Dienstagabend w\u00e4hrend der Show der brasilianischen S\u00e4ngerin Paula Fernandes aus allen N\u00e4hten, die Stimmung vibrierte und die Zuschauer kamen ins Tr\u00e4umen bei ihren romantischen Songs.<\/p>\n<p style=\"text-align: justify;\">Paula Fernandes war die am meisten erwartete K\u00fcnstlerin bei der Konzertserie anl\u00e4\u00dflich des Stadtfestes von S\u00e3o Filipe. Mehr als 4.000 Menschen besuchten dieses unvergessliche Konzert.<\/p>\n<p style=\"text-align: justify;\">Der Platz Presidio in S\u00e3o Filipe war am Kochen, die Menschen sangen, sprangen und schrien vor Begeisterung. Die S\u00e4ngerin gab das Kompliment mit den Worten zur\u00fcck: &#8222;Ihr wart wunderbar!&#8220;<\/p>\n<p style=\"text-align: justify;\">Fernandes spielte einige der bekanntesten Songs ihres Repertoires unterst\u00fctzt von einem gro\u00dfen Chor. Aber am beeindruckendsten war der Moment, als sie die B\u00fchne verlie\u00df und sich unter das Publikum mischte.<\/p>\n<p style=\"text-align: justify;\">Bei ihrem ersten Besuch auf Kap Verde und in Afrika wurde Paula Fernandes von ihrem Freund Henrique do Valle begleitet. Neben der Show in der Stadt der Sobrados hat die brasilianische Diva f\u00fcr heute, Mittwoch, einen Auftritt in der Stadt Praia geplant.<\/p>\n<p style=\"text-align: justify;\">Das Programm setzte sich fort mit den Konzerten der Gruppe Bandera und des K\u00fcnstlers Jorge Sena, die dem Publikum neben einigen neuen St\u00fccken auch altbekanntes pr\u00e4sentierten.<\/p>\n<p style=\"text-align: justify;\">Die Stimmung steigerte sich noch mit dem Auftritt des S\u00e4ngers Gilyto Semedo und niemand verlie\u00df das Presidio vor dem Auftritt des jungen K\u00fcnstlers Michel Montrond. Das Festival endete im Morgengrauen.<\/p>\n<p style=\"text-align: justify;\"><a href=\"http:\/\/www.asemana.publ.cv\/spip.php?article87553&amp;ak=1\" target=\"_blank\">Hier der Originalbeitrag<\/a><\/p>\n","protected":false},"excerpt":{"rendered":"<p>S\u00e3o Filipe, 1.5.2013 (A Semana) &#8211; Das Presidio platzte am Dienstagabend w\u00e4hrend der Show der brasilianischen S\u00e4ngerin Paula Fernandes aus allen N\u00e4hten, die Stimmung vibrierte und die Zuschauer kamen ins Tr\u00e4umen bei ihren romantischen Songs. Paula Fernandes war die am &hellip; <a href=\"https:\/\/wordpress2.sao-filipe.com\/?p=344\">Weiterlesen <span class=\"meta-nav\">&rarr;<\/span><\/a><\/p>\n","protected":false},"author":1,"featured_media":0,"comment_status":"open","ping_status":"closed","sticky":false,"template":"","format":"standard","meta":{"footnotes":""},"categories":[1],"tags":[],"class_list":["post-344","post","type-post","status-publish","format-standard","hentry","category-allgemein"],"_links":{"self":[{"href":"https:\/\/wordpress2.sao-filipe.com\/index.php?rest_route=\/wp\/v2\/posts\/344","targetHints":{"allow":["GET"]}}],"collection":[{"href":"https:\/\/wordpress2.sao-filipe.com\/index.php?rest_route=\/wp\/v2\/posts"}],"about":[{"href":"https:\/\/wordpress2.sao-filipe.com\/index.php?rest_route=\/wp\/v2\/types\/post"}],"author":[{"embeddable":true,"href":"https:\/\/wordpress2.sao-filipe.com\/index.php?rest_route=\/wp\/v2\/users\/1"}],"replies":[{"embeddable":true,"href":"https:\/\/wordpress2.sao-filipe.com\/index.php?rest_route=%2Fwp%2Fv2%2Fcomments&post=344"}],"version-history":[{"count":3,"href":"https:\/\/wordpress2.sao-filipe.com\/index.php?rest_route=\/wp\/v2\/posts\/344\/revisions"}],"predecessor-version":[{"id":347,"href":"https:\/\/wordpress2.sao-filipe.com\/index.php?rest_route=\/wp\/v2\/posts\/344\/revisions\/347"}],"wp:attachment":[{"href":"https:\/\/wordpress2.sao-filipe.com\/index.php?rest_route=%2Fwp%2Fv2%2Fmedia&parent=344"}],"wp:term":[{"taxonomy":"category","embeddable":true,"href":"https:\/\/wordpress2.sao-filipe.com\/index.php?rest_route=%2Fwp%2Fv2%2Fcategories&post=344"},{"taxonomy":"post_tag","embeddable":true,"href":"https:\/\/wordpress2.sao-filipe.com\/index.php?rest_route=%2Fwp%2Fv2%2Ftags&post=344"}],"curies":[{"name":"wp","href":"https:\/\/api.w.org\/{rel}","templated":true}]}}