{"id":2250,"date":"2025-08-12T19:57:14","date_gmt":"2025-08-12T18:57:14","guid":{"rendered":"https:\/\/wordpress2.sao-filipe.com\/?p=2250"},"modified":"2025-09-16T08:24:09","modified_gmt":"2025-09-16T07:24:09","slug":"noch-mal-davongekommen","status":"publish","type":"post","link":"https:\/\/wordpress2.sao-filipe.com\/?p=2250","title":{"rendered":"&#8230;noch mal davongekommen"},"content":{"rendered":"\n<p>In den Morgenstunden am Montag, 11.8.2025 wurden die Kapverden von einem tropischen Tiefdruckgebiet erreicht, das enorme Regenmengen freisetzte. Dabei wurde die Insel Fogo nur von Ausl\u00e4ufern gestreift. Es regnete zwar heftig ab Montagnachmittag, aber eine erste Bestandsaufnahme durch die Stadtverwaltung von S\u00e3o Filipe ergab au\u00dfer einigen Untersp\u00fclungen keine nennenswerten Sch\u00e4den. Die Bauern im Landesinneren sch\u00f6pften dagegen neue Hoffnung, dass es doch noch ein erfolgreiches Jahr werden k\u00f6nnte und begannen sofort mit der Aussaat.<\/p>\n\n\n\n<div class=\"wp-block-media-text is-stacked-on-mobile\" style=\"grid-template-columns:62% auto\"><figure class=\"wp-block-media-text__media\"><img loading=\"lazy\" decoding=\"async\" width=\"1024\" height=\"576\" src=\"https:\/\/wordpress2.sao-filipe.com\/wp-content\/uploads\/2025\/08\/Chuva-Mindelo.jpeg\" alt=\"\" class=\"wp-image-2251 size-full\" srcset=\"https:\/\/wordpress2.sao-filipe.com\/wp-content\/uploads\/2025\/08\/Chuva-Mindelo.jpeg 1024w, https:\/\/wordpress2.sao-filipe.com\/wp-content\/uploads\/2025\/08\/Chuva-Mindelo-300x169.jpeg 300w, https:\/\/wordpress2.sao-filipe.com\/wp-content\/uploads\/2025\/08\/Chuva-Mindelo-768x432.jpeg 768w\" sizes=\"auto, (max-width: 1024px) 100vw, 1024px\" \/><\/figure><div class=\"wp-block-media-text__content\">\n<p>Ganz anders die Situation auf den Inseln S\u00e3o Vicente, S\u00e3o Nicolau und Santo Ant\u00e3o: sie wurden von dem Zentrum einer Niederschlagszelle \u00fcberquert, die zwar fl\u00e4chenm\u00e4\u00dfig klein war, daf\u00fcr aber umso mehr Niederschlag auf kleinem Raum entlud.<\/p>\n<\/div><\/div>\n\n\n\n<p>Der intensive Regen dauerte nur 2,5 Stunden, aber es fielen in der Spitze bis zu 60 Liter pro Stunde und Quadratmeter. An einen solchen Niederschlag innerhalb k\u00fcrzester Zeit k\u00f6nnen sich auch die \u00e4ltesten Bewohner des Barlavento nicht erinnern.<\/p>\n\n\n\n<p>Die vorl\u00e4ufige Bilanz: 9 Tote, davon 4 Kinder und eine noch nicht genau zu beziffernde Anzahl von vermissten Personen, von denen man annehmen muss, dass sie das Unwetter ebenfalls nicht \u00fcberlebt haben. Einige Menschen wurden von den Fluten direkt ins Meer gesp\u00fclt. Au\u00dferdem gewaltige Sch\u00e4den an der Infrastruktur der Inseln<\/p>\n\n\n\n<div class=\"wp-block-media-text has-media-on-the-right is-stacked-on-mobile\" style=\"grid-template-columns:auto 59%\"><div class=\"wp-block-media-text__content\">\n<p>Katastrophale Zust\u00e4nde herrschen z.B. in der Stadt Mindelo. H\u00fctten in gef\u00e4hrdeten Lagen wurden weggesp\u00fclt, Stra\u00dfen wurden aufgerissen und sind jetzt von metertiefen Gr\u00e4ben durchzogen, Schlamm- und Ger\u00f6lllawinen haben sich ihren Weg durch die Stadt gebahnt und die Energie- und Wasserversorgung ist kollabiert.<\/p>\n<\/div><figure class=\"wp-block-media-text__media\"><img loading=\"lazy\" decoding=\"async\" width=\"960\" height=\"720\" src=\"https:\/\/wordpress2.sao-filipe.com\/wp-content\/uploads\/2025\/08\/Chuva-Nindelo.jpg\" alt=\"\" class=\"wp-image-2256 size-full\" srcset=\"https:\/\/wordpress2.sao-filipe.com\/wp-content\/uploads\/2025\/08\/Chuva-Nindelo.jpg 960w, https:\/\/wordpress2.sao-filipe.com\/wp-content\/uploads\/2025\/08\/Chuva-Nindelo-300x225.jpg 300w, https:\/\/wordpress2.sao-filipe.com\/wp-content\/uploads\/2025\/08\/Chuva-Nindelo-768x576.jpg 768w\" sizes=\"auto, (max-width: 960px) 100vw, 960px\" \/><\/figure><\/div>\n\n\n\n<p>Davon sind auch die Krankenh\u00e4user der Stadt betroffen. EDEC, die Betreibergesellschaft f\u00fcr die Energie- und Wasserversorgung der Insel S\u00e3o Vicente, teilte mit, dass man mit Hochdruck an der Wiederherstellung der wichtigsten Versorgungsleitungen arbeite, um die lebensnotwendigen Einrichtungen der Stadt wieder funktionst\u00fcchtig zu machen. Auch die Stadtverwaltung arbeitet fieberhaft daran, zumindest die wichtigsten Verkehrsadern der Stadt wieder passierbar zu machen. Die Aufr\u00e4um- und Wiederaufbauarbeiten werden Monate in Anspruch nehmen.<\/p>\n\n\n\n<p>Die Regierung der Kapverden hat den nationalen Notstand ausgerufen. Dadurch k\u00f6nnen zus\u00e4tzliche Ressourcen mobilisiert und der Nationale Notfallfonds in Anspruch genommen werden. Au\u00dferdem wurde eine 2-t\u00e4gige Staatstrauer zu Ehren der Opfer der Katastrophe angeordnet.<\/p>\n\n\n\n<p>F\u00fcr die n\u00e4chsten Tage sind weitere Niederschl\u00e4ge angesagt, sie sollen aber kein katastrophales Ausma\u00df mehr annehmen.<\/p>\n\n\n\n<p>______________________________________<\/p>\n\n\n\n<p>Ein Nachtrag im September 2025:<\/p>\n\n\n\n<p>Einen Monat sp\u00e4ter gab es wieder heftige Niederschl\u00e4ge im Barlavento auf den n\u00f6rdlichen Inseln. Die Auswirkungen waren nicht so katastrophal wie im August und es sind keine Toten zu beklagen, aber die Schlamm-, Ger\u00f6ll- und Schuttberge, die sich nach den Aufr\u00e4umarbeiten z.B. noch in den Strassen und auf den Pl\u00e4tzen von Mindelo befanden, wurden durch die neuerlichen Fluten wieder gro\u00dffl\u00e4chig im Stadtgebiet verteilt.<\/p>\n\n\n\n<p>Die Sorge ist gro\u00df in der Bev\u00f6lkerung, dass im Rahmen des Klimawandels nun j\u00e4hrlich mit solchen &#8222;Jahrhundertereignissen&#8220; zu rechnen ist.<\/p>\n\n\n\n<p><\/p>\n","protected":false},"excerpt":{"rendered":"<p>In den Morgenstunden am Montag, 11.8.2025 wurden die Kapverden von einem tropischen Tiefdruckgebiet erreicht, das enorme Regenmengen freisetzte. Dabei wurde die Insel Fogo nur von Ausl\u00e4ufern gestreift. Es regnete zwar heftig ab Montagnachmittag, aber eine erste Bestandsaufnahme durch die Stadtverwaltung &hellip; <a href=\"https:\/\/wordpress2.sao-filipe.com\/?p=2250\">Weiterlesen <span class=\"meta-nav\">&rarr;<\/span><\/a><\/p>\n","protected":false},"author":1,"featured_media":0,"comment_status":"open","ping_status":"","sticky":false,"template":"","format":"standard","meta":{"footnotes":""},"categories":[1],"tags":[],"class_list":["post-2250","post","type-post","status-publish","format-standard","hentry","category-allgemein"],"_links":{"self":[{"href":"https:\/\/wordpress2.sao-filipe.com\/index.php?rest_route=\/wp\/v2\/posts\/2250","targetHints":{"allow":["GET"]}}],"collection":[{"href":"https:\/\/wordpress2.sao-filipe.com\/index.php?rest_route=\/wp\/v2\/posts"}],"about":[{"href":"https:\/\/wordpress2.sao-filipe.com\/index.php?rest_route=\/wp\/v2\/types\/post"}],"author":[{"embeddable":true,"href":"https:\/\/wordpress2.sao-filipe.com\/index.php?rest_route=\/wp\/v2\/users\/1"}],"replies":[{"embeddable":true,"href":"https:\/\/wordpress2.sao-filipe.com\/index.php?rest_route=%2Fwp%2Fv2%2Fcomments&post=2250"}],"version-history":[{"count":9,"href":"https:\/\/wordpress2.sao-filipe.com\/index.php?rest_route=\/wp\/v2\/posts\/2250\/revisions"}],"predecessor-version":[{"id":2271,"href":"https:\/\/wordpress2.sao-filipe.com\/index.php?rest_route=\/wp\/v2\/posts\/2250\/revisions\/2271"}],"wp:attachment":[{"href":"https:\/\/wordpress2.sao-filipe.com\/index.php?rest_route=%2Fwp%2Fv2%2Fmedia&parent=2250"}],"wp:term":[{"taxonomy":"category","embeddable":true,"href":"https:\/\/wordpress2.sao-filipe.com\/index.php?rest_route=%2Fwp%2Fv2%2Fcategories&post=2250"},{"taxonomy":"post_tag","embeddable":true,"href":"https:\/\/wordpress2.sao-filipe.com\/index.php?rest_route=%2Fwp%2Fv2%2Ftags&post=2250"}],"curies":[{"name":"wp","href":"https:\/\/api.w.org\/{rel}","templated":true}]}}