{"id":1528,"date":"2024-02-01T18:42:39","date_gmt":"2024-02-01T17:42:39","guid":{"rendered":"https:\/\/wordpress2.sao-filipe.com\/?p=1528"},"modified":"2024-02-04T10:37:07","modified_gmt":"2024-02-04T09:37:07","slug":"hin-und-her-ist-manchmal-schwer","status":"publish","type":"post","link":"https:\/\/wordpress2.sao-filipe.com\/?p=1528","title":{"rendered":"Hin und her ist manchmal schwer"},"content":{"rendered":"\n<div class=\"wp-block-media-text is-stacked-on-mobile\" style=\"grid-template-columns:53% auto\"><figure class=\"wp-block-media-text__media\"><img loading=\"lazy\" decoding=\"async\" width=\"391\" height=\"350\" src=\"https:\/\/wordpress2.sao-filipe.com\/wp-content\/uploads\/2021\/10\/Kriola_8.jpg\" alt=\"\" class=\"wp-image-1271 size-full\" srcset=\"https:\/\/wordpress2.sao-filipe.com\/wp-content\/uploads\/2021\/10\/Kriola_8.jpg 391w, https:\/\/wordpress2.sao-filipe.com\/wp-content\/uploads\/2021\/10\/Kriola_8-300x269.jpg 300w\" sizes=\"auto, (max-width: 391px) 100vw, 391px\" \/><\/figure><div class=\"wp-block-media-text__content\">\n<p>Aktuell ist die Hauptreisezeit f\u00fcr die Besucher der Kapverden und nat\u00fcrlich auch f\u00fcr Fogo. Wer seine Reise einschlie\u00dflich aller Inlandsfl\u00fcge und F\u00e4hrverbindungen schon vor Monaten geplant hat oder von einer Reiseagentur gemanagt wird, kann damit rechnen, dass der Transport klappt. Aber auch hier gibt es Unw\u00e4gbarkeiten, technische Probleme z.B., oder das Wetter. <\/p>\n<\/div><\/div>\n\n\n\n<p>In letzter Zeit fielen tagelang Fl\u00fcge aus, weil die Sichtverh\u00e4ltnisse wegen zu hoher Staubbelastung einen Flugbetrieb nicht zulie\u00dfen. Und auch Schiffsverbindungen werden u.U. abgesagt, wenn der Seegang zu heftig und ein gefahrloses Be- und Entladen der Schiffe nicht mehr m\u00f6glich ist.<\/p>\n\n\n\n<p>Um f\u00fcr solche Situationen gewappnet zu sein, ist es ratsam, die R\u00fcckreise zum Abflugsort des internationalen Fluges so  zu planen, dass man dort einen zeitlichen Puffer hat.<\/p>\n\n\n\n<p>Gute Nerven und viel verf\u00fcgbare Zeit brauchen die Menschen,  die ihre Reise nicht in allen Details vorplanen und spontane Entscheidungen treffen wollen. Aktuell sind beispielsweise alle Fl\u00fcge von Fogo nach Praia bis weit in den M\u00e4rz hinein ausgebucht. Dann bleibt nur das Ausweichen auf die Schiffe, die zwischen den Inseln verkehren. <\/p>\n\n\n\n<p>Die Verbindung zwischen der Hauptstadt Praia und der Insel Fogo wird  von 3 Schiffen mit einem festen Fahrplan hergestellt. Das ist zum einen die Schnellf\u00e4hre Kriola der Reederei cvinterilhas.com mit 3 Fahrten pro Woche (Mo, Do, Sa), zum anderen die Schiffe Praia d&#8217;Aguada und Inter Ilhas der Reederei Polar. Sie verkehren 2-3 Mal pro Woche. Beide Reedereien sind mit einem B\u00fcro in Praia vertreten, die Reederei Polar hat auch ein B\u00fcro in S\u00e3o Filipe am Platz vor dem Rathaus.<\/p>\n\n\n\n<p>Online-Buchungen der Schiffe werden nicht angeboten oder funktionieren nicht. F\u00fcr Tickets muss man in eines der B\u00fcros gehen oder man nimmt z.B. mit dem <a href=\"https:\/\/qualitur.cv\/en\/home\/\" target=\"_blank\" rel=\"noreferrer noopener\">Reiseb\u00fcro qualitur.cv<\/a> in S\u00e3o Filipe Kontakt auf und bestellt dort die gew\u00fcnschten Fahrscheine.<\/p>\n","protected":false},"excerpt":{"rendered":"<p>Aktuell ist die Hauptreisezeit f\u00fcr die Besucher der Kapverden und nat\u00fcrlich auch f\u00fcr Fogo. Wer seine Reise einschlie\u00dflich aller Inlandsfl\u00fcge und F\u00e4hrverbindungen schon vor Monaten geplant hat oder von einer Reiseagentur gemanagt wird, kann damit rechnen, dass der Transport klappt. &hellip; <a href=\"https:\/\/wordpress2.sao-filipe.com\/?p=1528\">Weiterlesen <span class=\"meta-nav\">&rarr;<\/span><\/a><\/p>\n","protected":false},"author":1,"featured_media":0,"comment_status":"open","ping_status":"","sticky":false,"template":"","format":"standard","meta":{"footnotes":""},"categories":[1],"tags":[],"class_list":["post-1528","post","type-post","status-publish","format-standard","hentry","category-allgemein"],"_links":{"self":[{"href":"https:\/\/wordpress2.sao-filipe.com\/index.php?rest_route=\/wp\/v2\/posts\/1528","targetHints":{"allow":["GET"]}}],"collection":[{"href":"https:\/\/wordpress2.sao-filipe.com\/index.php?rest_route=\/wp\/v2\/posts"}],"about":[{"href":"https:\/\/wordpress2.sao-filipe.com\/index.php?rest_route=\/wp\/v2\/types\/post"}],"author":[{"embeddable":true,"href":"https:\/\/wordpress2.sao-filipe.com\/index.php?rest_route=\/wp\/v2\/users\/1"}],"replies":[{"embeddable":true,"href":"https:\/\/wordpress2.sao-filipe.com\/index.php?rest_route=%2Fwp%2Fv2%2Fcomments&post=1528"}],"version-history":[{"count":10,"href":"https:\/\/wordpress2.sao-filipe.com\/index.php?rest_route=\/wp\/v2\/posts\/1528\/revisions"}],"predecessor-version":[{"id":1554,"href":"https:\/\/wordpress2.sao-filipe.com\/index.php?rest_route=\/wp\/v2\/posts\/1528\/revisions\/1554"}],"wp:attachment":[{"href":"https:\/\/wordpress2.sao-filipe.com\/index.php?rest_route=%2Fwp%2Fv2%2Fmedia&parent=1528"}],"wp:term":[{"taxonomy":"category","embeddable":true,"href":"https:\/\/wordpress2.sao-filipe.com\/index.php?rest_route=%2Fwp%2Fv2%2Fcategories&post=1528"},{"taxonomy":"post_tag","embeddable":true,"href":"https:\/\/wordpress2.sao-filipe.com\/index.php?rest_route=%2Fwp%2Fv2%2Ftags&post=1528"}],"curies":[{"name":"wp","href":"https:\/\/api.w.org\/{rel}","templated":true}]}}