{"id":1513,"date":"2024-01-26T20:57:31","date_gmt":"2024-01-26T19:57:31","guid":{"rendered":"https:\/\/wordpress2.sao-filipe.com\/?p=1513"},"modified":"2024-02-04T10:49:44","modified_gmt":"2024-02-04T09:49:44","slug":"bruma-seca-hat-die-kapverden-fest-im-griff","status":"publish","type":"post","link":"https:\/\/wordpress2.sao-filipe.com\/?p=1513","title":{"rendered":"Bruma seca hat die Kapverden fest im Griff"},"content":{"rendered":"\n<div class=\"wp-block-media-text is-stacked-on-mobile\" style=\"grid-template-columns:56% auto\"><figure class=\"wp-block-media-text__media\"><img loading=\"lazy\" decoding=\"async\" width=\"384\" height=\"323\" src=\"https:\/\/wordpress2.sao-filipe.com\/wp-content\/uploads\/2024\/02\/Bruma-seca.jpg\" alt=\"\" class=\"wp-image-1556 size-full\" srcset=\"https:\/\/wordpress2.sao-filipe.com\/wp-content\/uploads\/2024\/02\/Bruma-seca.jpg 384w, https:\/\/wordpress2.sao-filipe.com\/wp-content\/uploads\/2024\/02\/Bruma-seca-300x252.jpg 300w\" sizes=\"auto, (max-width: 384px) 100vw, 384px\" \/><\/figure><div class=\"wp-block-media-text__content\">\n<p>Seit dem 24.1.24 herrscht bruma seca. Bei diesem Wetterph\u00e4nomen handelt es sich um feinsten Staub, der in der Sahara durch starke Winde aufgewirbelt wurde und mit dem Nord-Ost-Passat in den Bereich der Kapverden gelangt. <\/p>\n<\/div><\/div>\n\n\n\n<p>Die Sicht ist stark reduziert, die Sonne steht als mattwei\u00dfe Scheibe am Himmel und das nationale meteorologische Institut hat eine offizielle Warnung vor schlechter Luftqualit\u00e4t herausgegeben. Die Bev\u00f6lkerung sollte das Haus m\u00f6glichst nur mit einer Maske verlassen und wenn m\u00f6glich den Aufenthalt im Freien vermeiden. Allerdings h\u00e4lt sich in S\u00e3o Filipe niemand an diese Empfehlung. Das gesch\u00e4ftige Leben in der Innenstadt verl\u00e4uft tags\u00fcber wie an jedem normalen Werktag.<\/p>\n\n\n\n<p>Massive Auswirkungen hat diese Wetterlage allerdings auf den Flugverkehr. Seit dem 25. Januar wurden die meisten Inlandsfl\u00fcge gestrichen. Die Reisepl\u00e4ne vieler Touristen \u00e4ndern sich zwangsl\u00e4ufig und ganz besonders \u00e4rgerlich ist es f\u00fcr die, die einen internationalen Flug fest gebucht haben und nun nicht mehr zum Abflugsort kommen.<\/p>\n\n\n\n<p>Eine konkrete Vorhersage, wie sich das Wetter in den n\u00e4chsten Tagen entwickeln wird, macht das meteorologische Institut nicht. Es sei aber davon auszugehen, dass der bruma seca noch einige Tage anhalten wird.<\/p>\n\n\n\n<p>Nachtrag am 28.1.2024:   Auch an diesem Tag gehen noch keine Fl\u00fcge nach und von Fogo. Die Wetterlage hat sich aber gebessert und eine Wiederaufnahme des Flugbetriebs ist f\u00fcr morgen zu erwarten. Da es seit dem 25.1. keine Fl\u00fcge mehr gegeben hat, bleibt die spannende Frage, wie die Fluggesellschaft Bestfly diesen \u00dcberhang an Passagieren abarbeiten wird. Betroffene Passagiere werden von der Fluggesellschaft \u00fcber Sonderfl\u00fcge ab 29.1. informiert.<\/p>\n\n\n\n<p><\/p>\n\n\n\n<p><\/p>\n\n\n\n<p><\/p>\n","protected":false},"excerpt":{"rendered":"<p>Seit dem 24.1.24 herrscht bruma seca. Bei diesem Wetterph\u00e4nomen handelt es sich um feinsten Staub, der in der Sahara durch starke Winde aufgewirbelt wurde und mit dem Nord-Ost-Passat in den Bereich der Kapverden gelangt. Die Sicht ist stark reduziert, die &hellip; <a href=\"https:\/\/wordpress2.sao-filipe.com\/?p=1513\">Weiterlesen <span class=\"meta-nav\">&rarr;<\/span><\/a><\/p>\n","protected":false},"author":1,"featured_media":0,"comment_status":"open","ping_status":"","sticky":false,"template":"","format":"standard","meta":{"footnotes":""},"categories":[1],"tags":[],"class_list":["post-1513","post","type-post","status-publish","format-standard","hentry","category-allgemein"],"_links":{"self":[{"href":"https:\/\/wordpress2.sao-filipe.com\/index.php?rest_route=\/wp\/v2\/posts\/1513","targetHints":{"allow":["GET"]}}],"collection":[{"href":"https:\/\/wordpress2.sao-filipe.com\/index.php?rest_route=\/wp\/v2\/posts"}],"about":[{"href":"https:\/\/wordpress2.sao-filipe.com\/index.php?rest_route=\/wp\/v2\/types\/post"}],"author":[{"embeddable":true,"href":"https:\/\/wordpress2.sao-filipe.com\/index.php?rest_route=\/wp\/v2\/users\/1"}],"replies":[{"embeddable":true,"href":"https:\/\/wordpress2.sao-filipe.com\/index.php?rest_route=%2Fwp%2Fv2%2Fcomments&post=1513"}],"version-history":[{"count":4,"href":"https:\/\/wordpress2.sao-filipe.com\/index.php?rest_route=\/wp\/v2\/posts\/1513\/revisions"}],"predecessor-version":[{"id":1557,"href":"https:\/\/wordpress2.sao-filipe.com\/index.php?rest_route=\/wp\/v2\/posts\/1513\/revisions\/1557"}],"wp:attachment":[{"href":"https:\/\/wordpress2.sao-filipe.com\/index.php?rest_route=%2Fwp%2Fv2%2Fmedia&parent=1513"}],"wp:term":[{"taxonomy":"category","embeddable":true,"href":"https:\/\/wordpress2.sao-filipe.com\/index.php?rest_route=%2Fwp%2Fv2%2Fcategories&post=1513"},{"taxonomy":"post_tag","embeddable":true,"href":"https:\/\/wordpress2.sao-filipe.com\/index.php?rest_route=%2Fwp%2Fv2%2Ftags&post=1513"}],"curies":[{"name":"wp","href":"https:\/\/api.w.org\/{rel}","templated":true}]}}